{"id":364,"date":"2025-12-21T06:55:13","date_gmt":"2025-12-21T06:55:13","guid":{"rendered":"https:\/\/fundacjasercajezusa.pl\/?p=364"},"modified":"2025-12-21T06:58:55","modified_gmt":"2025-12-21T06:58:55","slug":"narodowy-orszak-chrystusa-krola","status":"publish","type":"post","link":"https:\/\/fundacjasercajezusa.pl\/index.php\/2025\/12\/21\/narodowy-orszak-chrystusa-krola\/","title":{"rendered":"Narodowy Orszak Chrystusa Kr\u00f3la"},"content":{"rendered":"\n<div class=\"wp-block-columns orszak-container is-layout-flex wp-container-core-columns-is-layout-9d6595d7 wp-block-columns-is-layout-flex\">\n<div class=\"wp-block-column is-layout-flow wp-block-column-is-layout-flow\" style=\"flex-basis:33.33%\">\n<figure class=\"wp-block-image size-full is-resized\"><img fetchpriority=\"high\" decoding=\"async\" width=\"443\" height=\"588\" src=\"https:\/\/fundacjasercajezusa.pl\/wp-content\/uploads\/2025\/04\/image-37-2.png\" alt=\"\" class=\"wp-image-288\" style=\"width:325px;height:auto\" srcset=\"https:\/\/fundacjasercajezusa.pl\/wp-content\/uploads\/2025\/04\/image-37-2.png 443w, https:\/\/fundacjasercajezusa.pl\/wp-content\/uploads\/2025\/04\/image-37-2-226x300.png 226w\" sizes=\"(max-width: 443px) 100vw, 443px\" \/><\/figure>\n<\/div>\n\n\n\n<div class=\"wp-block-column is-layout-flow wp-block-column-is-layout-flow\" style=\"flex-basis:90%\">\n<h2 class=\"wp-block-heading orszak-title\"><\/h2>\n\n\n\n<h4 class=\"wp-block-heading orszak-date\">8 czerwca 2025r. Krak\u00f3w<\/h4>\n\n\n\n<div class=\"wp-block-group is-layout-grid wp-container-core-group-is-layout-6be84c55 wp-block-group-is-layout-grid\" style=\"border-style:none;border-width:0px;border-radius:0px\">\n<h5 class=\"wp-block-heading\">Wa\u017cne informacje:<\/h5>\n\n\n\n<p><\/p>\n<\/div>\n\n\n\n<section class=\"wp-block-group info-grid is-horizontal is-content-justification-left is-nowrap is-layout-flex wp-container-core-group-is-layout-db561e29 wp-block-group-is-layout-flex\" style=\"padding-top:var(--wp--preset--spacing--40);padding-right:0;padding-bottom:var(--wp--preset--spacing--40);padding-left:0\">\n<h6 class=\"wp-block-heading\">\u2022 Za\u0142o\u017cenia Ideowe<\/h6>\n\n\n\n<h6 class=\"wp-block-heading is-style-decor3 has-normal-font-size\"><a href=\"https:\/\/fundacjasercajezusa.pl\/wp-content\/uploads\/2025\/04\/1.-zalozenia-ideowe.doc\">Pobierz plik<\/a><\/h6>\n\n\n\n<h6 class=\"wp-block-heading\">\u2022 Odezwa<\/h6>\n\n\n\n<h6 class=\"wp-block-heading is-style-decor3\"><a href=\"https:\/\/fundacjasercajezusa.pl\/wp-content\/uploads\/2025\/04\/3.-Odezwa.doc\">Pobierz plik<\/a><\/h6>\n<\/section>\n\n\n\n<section class=\"wp-block-group info-grid is-horizontal is-content-justification-left is-nowrap is-layout-flex wp-container-core-group-is-layout-db561e29 wp-block-group-is-layout-flex\" style=\"padding-top:var(--wp--preset--spacing--40);padding-right:0;padding-bottom:var(--wp--preset--spacing--40);padding-left:0\">\n<h6 class=\"wp-block-heading\">\u2022 Komitet Organizacyjny<\/h6>\n\n\n\n<h6 class=\"wp-block-heading is-style-decor3 has-normal-font-size\"><a href=\"https:\/\/fundacjasercajezusa.pl\/wp-content\/uploads\/2025\/04\/2.-Komitet-Organizacyjny.doc\" data-type=\"link\" data-id=\"https:\/\/fundacjasercajezusa.pl\/wp-content\/uploads\/2025\/04\/2.-Komitet-Organizacyjny.doc\">Pobierz plik<\/a><\/h6>\n\n\n\n<h6 class=\"wp-block-heading\">\u2022 Komitet honorowy<\/h6>\n\n\n\n<h6 class=\"wp-block-heading is-style-decor3\"><a href=\"https:\/\/fundacjasercajezusa.pl\/wp-content\/uploads\/2025\/04\/4.-Komitet-honorowy.doc\" data-type=\"link\" data-id=\"https:\/\/fundacjasercajezusa.pl\/wp-content\/uploads\/2025\/04\/4.-Komitet-honorowy.doc\">Pobierz plik<\/a><\/h6>\n<\/section>\n\n\n\n<section class=\"wp-block-group info-grid is-horizontal is-content-justification-left is-nowrap is-layout-flex wp-container-core-group-is-layout-db561e29 wp-block-group-is-layout-flex\" style=\"padding-top:var(--wp--preset--spacing--40);padding-right:0;padding-bottom:var(--wp--preset--spacing--40);padding-left:0\">\n<h6 class=\"wp-block-heading\">\u2022 Plakat wydarzenia PDF<\/h6>\n\n\n\n<h6 class=\"wp-block-heading is-style-decor3 has-normal-font-size\"><a href=\"https:\/\/fundacjasercajezusa.pl\/wp-content\/uploads\/2025\/04\/marsz-plakat-A3-DRUK.pdf\" data-type=\"link\" data-id=\"https:\/\/fundacjasercajezusa.pl\/wp-content\/uploads\/2025\/04\/marsz-plakat-A3-DRUK.pdf\">Pobierz plik<\/a><\/h6>\n\n\n\n<p class=\"has-normal-font-size\"><\/p>\n<\/section>\n\n\n\n<h6 class=\"wp-block-heading\">Szczeg\u00f3\u0142owe informacje i materia\u0142y do pobrania: www.narodowyorszak.pl<\/h6>\n\n\n\n<p><strong>Wsparcie Orszaku: Fundacja Serca Jezusa, nr konta 52 1240 1444 1111 0011 5098 6213 tytu\u0142em: Darowizna \u2013 Orszak Chrystusa Kr\u00f3la<\/strong><\/p>\n\n\n\n<p><br>Do\u0142\u0105cz do wydarzenia na Facebooku i b\u0105d\u017a na bie\u017c\u0105co z informacjami!<\/p>\n\n\n\n<p><a style=\"display: flex; align-items: center;\" href=\"https:\/\/fb.me\/e\/7cGm51lyC\"><img decoding=\"async\" style=\"padding-right: 10px;\" src=\"https:\/\/fundacjasercajezusa.pl\/wp-content\/uploads\/2025\/04\/facebook-color-svgrepo-com-1.png\" \/> Link do wydarzenia\u00a0<\/a><\/p>\n<\/div>\n<\/div>\n","protected":false},"excerpt":{"rendered":"<p>8 czerwca 2025r. Krak\u00f3w Wa\u017cne informacje: \u2022 Za\u0142o\u017cenia Ideowe Pobierz plik \u2022 Odezwa Pobierz<span class=\"more-dots\">&#8230;<\/span> <span class=\"more-tag d-block mt-15\"><a class=\"more-link wp-block-button__link icon-inline\" href=\"https:\/\/fundacjasercajezusa.pl\/index.php\/2025\/12\/21\/narodowy-orszak-chrystusa-krola\/\">Czytaj wi\u0119cej!<span class=\"screen-reader-text\"> \"Narodowy Orszak Chrystusa Kr\u00f3la\"<\/span><\/a><\/span><!-- .more-tag --><\/p>\n","protected":false},"author":4,"featured_media":288,"comment_status":"closed","ping_status":"closed","sticky":false,"template":"","format":"standard","meta":{"_acf_changed":false,"footnotes":""},"categories":[8],"tags":[],"class_list":["post-364","post","type-post","status-publish","format-standard","has-post-thumbnail","hentry","category-aktualnosci"],"acf":[],"_links":{"self":[{"href":"https:\/\/fundacjasercajezusa.pl\/index.php\/wp-json\/wp\/v2\/posts\/364","targetHints":{"allow":["GET"]}}],"collection":[{"href":"https:\/\/fundacjasercajezusa.pl\/index.php\/wp-json\/wp\/v2\/posts"}],"about":[{"href":"https:\/\/fundacjasercajezusa.pl\/index.php\/wp-json\/wp\/v2\/types\/post"}],"author":[{"embeddable":true,"href":"https:\/\/fundacjasercajezusa.pl\/index.php\/wp-json\/wp\/v2\/users\/4"}],"replies":[{"embeddable":true,"href":"https:\/\/fundacjasercajezusa.pl\/index.php\/wp-json\/wp\/v2\/comments?post=364"}],"version-history":[{"count":2,"href":"https:\/\/fundacjasercajezusa.pl\/index.php\/wp-json\/wp\/v2\/posts\/364\/revisions"}],"predecessor-version":[{"id":366,"href":"https:\/\/fundacjasercajezusa.pl\/index.php\/wp-json\/wp\/v2\/posts\/364\/revisions\/366"}],"wp:featuredmedia":[{"embeddable":true,"href":"https:\/\/fundacjasercajezusa.pl\/index.php\/wp-json\/wp\/v2\/media\/288"}],"wp:attachment":[{"href":"https:\/\/fundacjasercajezusa.pl\/index.php\/wp-json\/wp\/v2\/media?parent=364"}],"wp:term":[{"taxonomy":"category","embeddable":true,"href":"https:\/\/fundacjasercajezusa.pl\/index.php\/wp-json\/wp\/v2\/categories?post=364"},{"taxonomy":"post_tag","embeddable":true,"href":"https:\/\/fundacjasercajezusa.pl\/index.php\/wp-json\/wp\/v2\/tags?post=364"}],"curies":[{"name":"wp","href":"https:\/\/api.w.org\/{rel}","templated":true}]}}